{"id":931,"date":"2021-03-15T22:11:42","date_gmt":"2021-03-15T19:11:42","guid":{"rendered":"https:\/\/haberkartal.com\/?p=931"},"modified":"2021-03-15T22:11:42","modified_gmt":"2021-03-15T19:11:42","slug":"istiklal-marsinin-kabulunun-100-yili-akifin-siirleriyle-kutlandi","status":"publish","type":"post","link":"https:\/\/www.haberkartal.tr\/tr-int\/beykoz\/istiklal-marsinin-kabulunun-100-yili-akifin-siirleriyle-kutlandi\/931\/","title":{"rendered":"\u0130stiklal Mar\u015f\u0131&#8217;n\u0131n Kabul\u00fcn\u00fcn 100. Y\u0131l\u0131 Akif\u2019in \u015eiirleriyle Kutland\u0131"},"content":{"rendered":"<p>T\u00fcrkiye B\u00fcy\u00fck Millet Meclisi taraf\u0131ndan 12 Mart 1921&#8217;de milli mar\u015f olarak kabul edilen \u0130stiklal Mar\u015f\u0131&#8217;n\u0131n kabul\u00fcn\u00fcn 100. y\u0131l d\u00f6n\u00fcm\u00fc ve Milli \u015eair Mehmet Akif Ersoy&#8217;u Anma G\u00fcn\u00fc dolay\u0131s\u0131yla Beykoz\u2019da etkinlik d\u00fczenlendi.<\/p>\n<p>Beykoz Belediyesi taraf\u0131ndan sahil etkinlik alan\u0131nda yap\u0131lan anma program\u0131na Beykoz Kaymakam\u0131 Eseng\u00fcl Korkmaz \u00c7i\u00e7ekli, Beykoz Belediye Ba\u015fkan\u0131 Murat Ayd\u0131n, AK Parti \u0130l\u00e7e Ba\u015fkan\u0131 M. Hanefi Dilma\u00e7, \u0130stanbul Bo\u011faz Komutan\u0131 Tu\u011famiral Mustafa Turhan Ecevit, il\u00e7e protokol\u00fc ve vatanda\u015flar kat\u0131ld\u0131.<\/p>\n<p>Milli \u015eair Mehmet Akif Ersoy\u2019un vatan sevgisi ve kurtulu\u015f m\u00fccadelesine katk\u0131lar\u0131n\u0131n an\u0131ld\u0131\u011f\u0131 etkinlikte ilk olarak \u0130stiklal Mar\u015f\u0131 okundu ve Gazi Mustafa Kemal Atat\u00fcrk ile t\u00fcm \u015fehitler i\u00e7in sayg\u0131 duru\u015funda bulunuldu.<br \/>\nArd\u0131ndan Beykoz Ko\u00e7 Ortaokulu \u00f6\u011frencisi Bade G\u00fclay \u0130stiklal Mar\u015f\u0131 okudu.<\/p>\n","protected":false},"excerpt":{"rendered":"<p>\u0130stiklal Mar\u015f\u0131\u2019n\u0131n Kabul\u00fcn\u00fcn 100. Y\u0131l\u0131 ve Mehmet Akif Ersoy\u2019u Anma G\u00fcn\u00fc Beykoz\u2019da konser ve serginin yer ald\u0131\u011f\u0131 duygu dolu bir etkinlikle kutland\u0131.<\/p>\n","protected":false},"author":3,"featured_media":932,"comment_status":"open","ping_status":"open","sticky":false,"template":"","format":"standard","meta":{"footnotes":""},"categories":[11],"tags":[275,363,364,188],"class_list":["post-931","post","type-post","status-publish","format-standard","has-post-thumbnail","hentry","category-beykoz","tag-beykoz-belediyesi","tag-istiklal-marsi","tag-mehmet-akif-ersoy","tag-murat-aydin"],"_links":{"self":[{"href":"https:\/\/www.haberkartal.tr\/tr-int\/wp-json\/wp\/v2\/posts\/931","targetHints":{"allow":["GET"]}}],"collection":[{"href":"https:\/\/www.haberkartal.tr\/tr-int\/wp-json\/wp\/v2\/posts"}],"about":[{"href":"https:\/\/www.haberkartal.tr\/tr-int\/wp-json\/wp\/v2\/types\/post"}],"author":[{"embeddable":true,"href":"https:\/\/www.haberkartal.tr\/tr-int\/wp-json\/wp\/v2\/users\/3"}],"replies":[{"embeddable":true,"href":"https:\/\/www.haberkartal.tr\/tr-int\/wp-json\/wp\/v2\/comments?post=931"}],"version-history":[{"count":0,"href":"https:\/\/www.haberkartal.tr\/tr-int\/wp-json\/wp\/v2\/posts\/931\/revisions"}],"wp:featuredmedia":[{"embeddable":true,"href":"https:\/\/www.haberkartal.tr\/tr-int\/wp-json\/wp\/v2\/media\/932"}],"wp:attachment":[{"href":"https:\/\/www.haberkartal.tr\/tr-int\/wp-json\/wp\/v2\/media?parent=931"}],"wp:term":[{"taxonomy":"category","embeddable":true,"href":"https:\/\/www.haberkartal.tr\/tr-int\/wp-json\/wp\/v2\/categories?post=931"},{"taxonomy":"post_tag","embeddable":true,"href":"https:\/\/www.haberkartal.tr\/tr-int\/wp-json\/wp\/v2\/tags?post=931"}],"curies":[{"name":"wp","href":"https:\/\/api.w.org\/{rel}","templated":true}]}}